{"id":1919,"date":"2023-05-29T11:29:50","date_gmt":"2023-05-29T09:29:50","guid":{"rendered":"https:\/\/www.sdr.sk\/?p=1919"},"modified":"2025-06-04T16:03:18","modified_gmt":"2025-06-04T14:03:18","slug":"duchovna-obnova-maria-a-zena","status":"publish","type":"post","link":"https:\/\/www.sdr.sk\/index.php\/2023\/05\/29\/duchovna-obnova-maria-a-zena\/","title":{"rendered":"DUCHOVN\u00c1 OBNOVA &#8222;M\u00c1RIA A \u017dENA&#8220;"},"content":{"rendered":"\n<p>Bratislavsk\u00e1 duchovn\u00e1 rodina SDR sa te\u0161ila duchovnej obnove, ktor\u00fa viedol <strong>o. V\u00e1clav Hypius, CSsR<\/strong>. Za\u010dali sme v&nbsp;sobotu 13. 5. 2023 v&nbsp;de\u0148 spomienky Panny M\u00e1rie Fatimskej a&nbsp;kon\u010dili v&nbsp;nede\u013eu 14. 5. 2023 v&nbsp;De\u0148 matiek.<\/p>\n\n\n\n<p>Mesiac m\u00e1j je ozna\u010dovan\u00fd ako najkraj\u0161\u00ed mesiac v&nbsp;roku, kedy o\u017e\u00edva pr\u00edroda a v\u0161etko v\u00f4kol n\u00e1s sa preb\u00fadza k&nbsp;\u017eivotu, v\u0161etko kvitne a&nbsp;rozvoniava. M\u00e1j je odd\u00e1vna aj mesiacom Panny M\u00e1rie venovan\u00fd jej \u00facte a&nbsp;rozj\u00edmaniu o&nbsp;jej \u010dnostiach, l\u00e1ske a&nbsp;\u017eivote. V druh\u00fa m\u00e1jov\u00fa nede\u013eu na Slovensku oslavujeme aj De\u0148 matiek. Vych\u00e1dzaj\u00fac z&nbsp;t\u00fdchto skuto\u010dnost\u00ed bola t\u00e9ma duchovnej obnovy \u201eM\u00e1ria a&nbsp;\u017eena\u201c.<\/p>\n\n\n\n<p>\u00da\u010dastn\u00ed\u010dky po\u010d\u00favali predn\u00e1\u0161ky, individu\u00e1lne \u010d\u00edtali Sv\u00e4t\u00e9 p\u00edsmo a&nbsp;rozj\u00edmali. Program bol spestren\u00fd sledovan\u00edm dvoch epiz\u00f3d zo seri\u00e1lu \u201eThe Chosen\u201c (Vyvolen\u00fd). Priestorovo sme mali k&nbsp;dispoz\u00edcii kostol, refekt\u00e1r a rajsk\u00fa z\u00e1hradu Milosrdn\u00fdch bratov. Duchovnej obnovy sa okrem n\u00e1s, \u010dleniek duchovnej rodiny, z\u00fa\u010dastnili aj zamestnanci z&nbsp;nemocnice Milosrdn\u00fdch bratov.<\/p>\n\n\n\n<p>V&nbsp;prv\u00fd de\u0148 duchovnej obnovy n\u00e1m exercit\u00e1tor predniesol Mat\u00fa\u0161ovo evanjelium o&nbsp;uzdraven\u00ed dc\u00e9ry kana\u00e1nskej \u017eeny &nbsp;(Mt 15, 22 \u2013 28) a&nbsp;pozreli sme si 5.&nbsp;epiz\u00f3du (Z\u00e1zrak na svadbe v K\u00e1ne Galilejskej) z&nbsp;prvej s\u00e9rie seri\u00e1lu The Chosen. V&nbsp;druh\u00fd de\u0148 n\u00e1m exercit\u00e1tor predniesol Luk\u00e1\u0161ovo evanjelium o&nbsp;Je\u017ei\u0161ovom stretnut\u00ed so&nbsp;Samarit\u00e1nkou pri Jakubovej studni (Lk 7, 36 \u2013 50)&nbsp; a&nbsp;pozreli sme si 8. epiz\u00f3du (Uzdravenie Petrovej svokry a Je\u017ei\u0161 a&nbsp;Samarit\u00e1nka) z&nbsp;prvej s\u00e9rie seri\u00e1lu The Chosen. S\u00fa\u010das\u0165ou programu duchovnej obnovy boli lit\u00e1nie, pobo\u017enos\u0165, modlitby d\u0148a, korunka, ve\u0161pery a&nbsp;ador\u00e1cia. Mali sme tie\u017e mo\u017enos\u0165 prist\u00fapi\u0165 k&nbsp;sviatosti zmierenia.<\/p>\n\n\n\n<p><strong>Ak\u00e9 my\u0161lienky sme na\u010derpali na duchovnej obnove?<\/strong><\/p>\n\n\n\n<ul><li>Boh nepozer\u00e1 na n\u00e1\u0161 zov\u0148aj\u0161ok, p\u00f4vod, v\u00fdzor, ale na na\u0161e srdce.<\/li><li>Boh s&nbsp;nami neust\u00e1le komunikuje, je s&nbsp;nami st\u00e1le, u\u017e k&nbsp;n\u00e1m zost\u00fapil z&nbsp;neba, ne\u010dakajme, kedy, kde a&nbsp;ako pr\u00edde. Je tu.<\/li><li>Boh je prame\u0148om na\u0161ej viery. Na\u0161a viera a&nbsp;vytrvalos\u0165 m\u00e1 by\u0165 permanentn\u00e1. Viera je sila a&nbsp;moc, ktor\u00e1 v\u0161etko prem\u00e1ha. Aj rozhovor m\u00f4\u017ee privies\u0165 k&nbsp;viere. Na\u0161e rozhovory o&nbsp;viere s\u00fa d\u00f4le\u017eit\u00e9. Nem\u00f4\u017eeme \u017ei\u0165 vieru za in\u00fdch. Vyprosujme vieru nielen pre seba, ale aj pre druh\u00fdch.&nbsp; Nebu\u010fme sebeck\u00ed, ale otvorme svoje srdcia dokor\u00e1n.<\/li><li>Na pr\u00edhovor nebeskej Matky M\u00e1rie a&nbsp;bl. Matky Alfonzy M\u00e1rie vlo\u017eme d\u00f4veru v&nbsp;P\u00e1na, oslobo\u010fme sa od&nbsp; neosobn\u00e9ho pre\u017e\u00edvania viery, otvorme sa Je\u017ei\u0161ovmu milosrdenstvu a&nbsp;prijmime dary Ducha Sv\u00e4t\u00e9ho.<\/li><\/ul>\n\n\n\n<p>Pr\u00edbehy&nbsp; \u017eien z&nbsp;evanjeli\u00ed, nad ktor\u00fdmi sme uva\u017eovali na duchovnej obnove, n\u00e1s u\u010dia, ako sa m\u00e1me spr\u00e1va\u0165, ke\u010f sa n\u00e1m zd\u00e1, \u017ee Boh ml\u010d\u00ed. Nem\u00e1me rezignova\u0165, hneva\u0165 sa, ale e\u0161te viac \u201enalieha\u0165\u201c na Boha. Vid\u00edme to v&nbsp;pr\u00edbehu kana\u00e1nskej, pohanskej \u017eeny, ktor\u00e1 aj ke\u010f nebola Izraelitkou, prejavila svoju obrovsk\u00fa d\u00f4veru k&nbsp;Je\u017ei\u0161ovi, vytrvalos\u0165 a&nbsp;obetavos\u0165, ke\u010f\u017ee neh\u013eadala pokoj, zdravie, sp\u00e1su pre seba, ale pre svoju dc\u00e9ru. A&nbsp;za&nbsp;to si vysl\u00fa\u017eila od Boha pochvalu.<strong> \u201e\u017dena, ve\u013ek\u00e1 je tvoja viera! Nech sa ti stane, ako chce\u0161&#8220; (Mt 15, 28). <\/strong>Hrie\u0161nica Samarit\u00e1nka uznala chyby svojho \u017eivota a&nbsp;stala sa apo\u0161tolkou viery. V\u010faka jej svedectvu uverili v&nbsp;Je\u017ei\u0161a mnoh\u00ed zo Sam\u00e1rie. A&nbsp;za to si vysl\u00fa\u017eila od Boha pochvalu. <strong>\u201eTvoja viera \u0165a zachr\u00e1nila. Cho\u010f v&nbsp;pokoji!\u201c (Lk 7, 50)<\/strong><\/p>\n\n\n\n<p>Pre\u017e\u00edvame zlo\u017eit\u00e9 obdobie v \u013eudskej spolo\u010dnosti a preto neraz upad\u00e1me do poku\u0161enia bezn\u00e1deje a&nbsp;rezign\u00e1cie. O&nbsp;to viac&nbsp;<strong>potrebujeme vytv\u00e1ra\u0165 mocn\u00e9 spolo\u010denstvo \u017eivej viery a l\u00e1sky.&nbsp;\u013dahko je posudzova\u0165 a&nbsp;odsudzova\u0165, ale \u0165a\u017eko je odpusti\u0165 a&nbsp;preuk\u00e1za\u0165 milosrdenstvo. <\/strong>My ako mamy a duchovn\u00e9 matky bu\u010fme vzorom pre svoje deti. \u010eakujme svojim mam\u00e1m, s&nbsp;ktor\u00fdmi sa m\u00f4\u017eeme e\u0161te te\u0161i\u0165 na tomto svete. V&nbsp;modlitb\u00e1ch myslime na svoje mamy, ktor\u00e9 s\u00fa u\u017e ve\u010dnosti.<\/p>\n\n\n\n<p>Ver\u00edme, \u017ee z ovocia tejto duchovnej obnovy budeme \u010derpa\u0165 a&nbsp;budeme pon\u00faka\u0165 toto ovocie vo&nbsp;svojich rodin\u00e1ch, priate\u013eom, spolupracovn\u00edkom a&nbsp;ka\u017ed\u00e9mu, koho stretneme na&nbsp;ceste \u017eivotom.<\/p>\n","protected":false},"excerpt":{"rendered":"<p>Bratislavsk\u00e1 duchovn\u00e1 rodina SDR sa te\u0161ila duchovnej obnove, ktor\u00fa viedol o. V\u00e1clav Hypius, CSsR. Za\u010dali sme v&nbsp;sobotu 13. 5. 2023<a class=\"read-more\" href=\"https:\/\/www.sdr.sk\/index.php\/2023\/05\/29\/duchovna-obnova-maria-a-zena\/\"\/>\u010c\u00edta\u0165 \u010falej<\/a><\/p>\n","protected":false},"author":2,"featured_media":1920,"comment_status":"open","ping_status":"open","sticky":false,"template":"","format":"standard","meta":[],"categories":[5],"tags":[],"_links":{"self":[{"href":"https:\/\/www.sdr.sk\/index.php\/wp-json\/wp\/v2\/posts\/1919"}],"collection":[{"href":"https:\/\/www.sdr.sk\/index.php\/wp-json\/wp\/v2\/posts"}],"about":[{"href":"https:\/\/www.sdr.sk\/index.php\/wp-json\/wp\/v2\/types\/post"}],"author":[{"embeddable":true,"href":"https:\/\/www.sdr.sk\/index.php\/wp-json\/wp\/v2\/users\/2"}],"replies":[{"embeddable":true,"href":"https:\/\/www.sdr.sk\/index.php\/wp-json\/wp\/v2\/comments?post=1919"}],"version-history":[{"count":2,"href":"https:\/\/www.sdr.sk\/index.php\/wp-json\/wp\/v2\/posts\/1919\/revisions"}],"predecessor-version":[{"id":2509,"href":"https:\/\/www.sdr.sk\/index.php\/wp-json\/wp\/v2\/posts\/1919\/revisions\/2509"}],"wp:featuredmedia":[{"embeddable":true,"href":"https:\/\/www.sdr.sk\/index.php\/wp-json\/wp\/v2\/media\/1920"}],"wp:attachment":[{"href":"https:\/\/www.sdr.sk\/index.php\/wp-json\/wp\/v2\/media?parent=1919"}],"wp:term":[{"taxonomy":"category","embeddable":true,"href":"https:\/\/www.sdr.sk\/index.php\/wp-json\/wp\/v2\/categories?post=1919"},{"taxonomy":"post_tag","embeddable":true,"href":"https:\/\/www.sdr.sk\/index.php\/wp-json\/wp\/v2\/tags?post=1919"}],"curies":[{"name":"wp","href":"https:\/\/api.w.org\/{rel}","templated":true}]}}