{"id":1523,"date":"2022-06-07T16:29:57","date_gmt":"2022-06-07T14:29:57","guid":{"rendered":"https:\/\/www.sdr.sk\/?p=1523"},"modified":"2025-06-04T16:02:18","modified_gmt":"2025-06-04T14:02:18","slug":"dakovna-put","status":"publish","type":"post","link":"https:\/\/www.sdr.sk\/index.php\/2022\/06\/07\/dakovna-put\/","title":{"rendered":"\u010eAKOVN\u00c1 P\u00da\u0164"},"content":{"rendered":"\n<p>     Duchovn\u00e1 rodina Kongreg\u00e1cie sestier Bo\u017esk\u00e9ho Vykupite\u013ea v&nbsp;Spi\u0161sk\u00fdch Vlachoch bola zalo\u017een\u00e1 pred dvadsiatimi rokmi. Pri tejto pr\u00edle\u017eitosti sme v&nbsp;sobotu 28. m\u00e1ja 2022 zorganizovali v\u00fdlet na p\u00fatnick\u00e9 miesta, aby sme si takto pripomenuli okr\u00fahle v\u00fdro\u010die vzniku.<\/p>\n\n\n\n<p><strong>&nbsp;&nbsp;&nbsp;&nbsp; <\/strong>R\u00e1no sme vyrazili o&nbsp;6:00 hod. zo Spi\u0161sk\u00fdch Vl\u00e1ch mikrobusom s&nbsp;po\u010dtom miest na&nbsp;sedenie 20. Na\u0161a prv\u00e1 zast\u00e1vka bola v&nbsp;Rajeckej Lesnej, kde sa konalo stretnutie rodiny Nepo\u0161kvrnenej. Dorazili sme v\u010das. Vypo\u010duli sme si svedectvo k\u0148aza vdp. Jozefa Bagina o&nbsp;jeho zdravotn\u00fdch probl\u00e9moch a\u017e utrpen\u00ed, ale aj o&nbsp;jeho obete a&nbsp;ve\u013ekej Bo\u017eej pomoci, ktorej sa mu dostalo, ke\u010f sa on aj jeho farn\u00edci za\u0148ho modlili a&nbsp;P\u00e1n vypo\u010dul ich prosby. Stihli sme si prezrie\u0165 aj pekn\u00fd dreven\u00fd Betlehem, kde n\u00e1s okrem sv\u00e4tej Rodiny pri jasli\u010dk\u00e1ch zaujali aj chr\u00e1my, kostoly, hrady a&nbsp;stavby z&nbsp;cel\u00e9ho Slovenska.<\/p>\n\n\n\n<p>&nbsp;&nbsp;&nbsp;&nbsp; O&nbsp;10:30 hod. nasledovala sv\u00e4t\u00e1 om\u0161a, ktor\u00fa celebroval Mons. Tom\u00e1\u0161 Galis, \u017eilinsk\u00fd biskup. Ten sa vo svojej k\u00e1zni zameral na rodinu dne\u0161nej doby aj so v\u0161etk\u00fdmi jej \u00faskaliami a&nbsp;n\u00e1strahami.<\/p>\n\n\n\n<p>&nbsp;&nbsp;&nbsp;&nbsp; Po malom ob\u010derstven\u00ed sme putovali e\u0161te \u010falej na z\u00e1pad, do obce Ladce na horu Butkov, do Skaln\u00e9ho sanktu\u00e1ria Bo\u017eieho milosrdenstva. V&nbsp;roku 2012 na v\u00fdzvu p\u00e1tra Vellu z&nbsp;Malty, aby tu postavili kr\u00ed\u017e, tu vzniklo a&nbsp;na\u010falej sa rozv\u00edja a&nbsp;zve\u013ea\u010fuje kr\u00e1sne p\u00fatnick\u00e9 miesto.<\/p>\n\n\n\n<p>&nbsp;&nbsp;&nbsp;&nbsp; Okrem u\u017e z&nbsp;dia\u013eky neprehliadnute\u013en\u00e9ho kr\u00ed\u017ea a&nbsp;monument\u00e1lnej sochy Bo\u017eej Matky a&nbsp;Kr\u00e1\u013eovnej neba je tu aj ve\u013ek\u00e9 mno\u017estvo relikvi\u00ed sv\u00e4t\u00fdch. Medzi nimi nech\u00fdba ani relikvia na\u0161ej zakladate\u013eky blahoslavenej Alfonzy M\u00e1rie, sv\u00e4tej Terezky aj s&nbsp;rodi\u010dmi a&nbsp;\u010fal\u0161\u00edch sv\u00e4t\u00fdch.<\/p>\n\n\n\n<p>&nbsp;&nbsp;&nbsp;&nbsp; Zvonica sv. J\u00e1na Pavla II. s&nbsp;odkazom pre Slovensk\u00fd n\u00e1rod e\u0161te z&nbsp;roku 1996 \u010di&nbsp;posledn\u00e1 kaplnka v&nbsp;rade, v&nbsp;ktorej je n\u00e1pis: Kaplnka pre Teba boli ur\u010dite pre mnoh\u00fdch ve\u013emi siln\u00fdm duchovn\u00fdm z\u00e1\u017eitkom.<\/p>\n\n\n\n<p>&nbsp;&nbsp;&nbsp;&nbsp; Na z\u00e1ver tejto p\u00fate sa mi \u017eiadalo doda\u0165: \u201ePane, dobre je n\u00e1m tu! Zosta\u0148 s&nbsp;nami a&nbsp;neop\u00fa\u0161\u0165aj n\u00e1s.\u201c&nbsp;&nbsp;&nbsp;&nbsp;&nbsp;&nbsp;&nbsp;&nbsp;&nbsp;<\/p>\n\n\n\n<p class=\"has-text-align-right\">&nbsp;&nbsp;&nbsp;&nbsp;&nbsp;&nbsp;&nbsp;&nbsp;&nbsp;&nbsp;&nbsp;&nbsp;&nbsp;&nbsp;&nbsp;&nbsp;&nbsp;&nbsp;&nbsp;&nbsp;&nbsp;&nbsp;&nbsp;&nbsp;&nbsp;&nbsp;&nbsp;&nbsp;&nbsp;&nbsp;&nbsp;&nbsp;&nbsp;&nbsp;&nbsp;&nbsp;&nbsp;&nbsp;&nbsp;&nbsp;&nbsp;&nbsp;&nbsp;&nbsp;&nbsp;&nbsp;&nbsp;&nbsp;&nbsp;&nbsp;&nbsp;&nbsp;&nbsp;&nbsp;&nbsp;&nbsp;&nbsp;&nbsp;&nbsp;&nbsp;&nbsp;&nbsp;&nbsp;&nbsp;&nbsp;&nbsp;&nbsp;&nbsp;&nbsp; Spracovala \u010dlenka DR M\u00e1ria Zahurancov\u00e1<\/p>\n\n\n\n<p><strong>\r\n\t<div class=\"aigpl-gallery-slider-wrp \">\r\n\t\t<div class=\"aigpl-gallery aigpl-gallery-wrp aigpl-gallery-slider aigpl-clearfix aigpl-design-1 aigpl-popup-gallery\" id=\"aigpl-gallery-1\">\r\n\t\t\r\n<div class=\"aigpl-slider-slide aigpl-cnt-wrp\" data-item-index=\"1\">\r\n\t<div class=\"aigpl-inr-wrp\">\r\n\t\t<div class=\"aigpl-img-wrp\" style=\"\">\r\n\r\n\t\t\t\t\t\t\t\t<a class=\"aigpl-img-link\" data-mfp-src=\"https:\/\/www.sdr.sk\/wp-content\/uploads\/2022\/06\/IMG_20220528_141529-scaled.jpg\" href=\"javascript:void(0);\" target=\"_self\">\r\n\t\t\t\t\t\t<img class=\"aigpl-img\"  src=\"https:\/\/www.sdr.sk\/wp-content\/uploads\/2022\/06\/IMG_20220528_141529-scaled.jpg\" alt=\"\" \/>\r\n\t\t\t\t\t<\/a>\r\n\t\t\t\t\t\t<\/div>\r\n\r\n\t\t\t<\/div>\r\n<\/div>\r\n<div class=\"aigpl-slider-slide aigpl-cnt-wrp\" data-item-index=\"2\">\r\n\t<div class=\"aigpl-inr-wrp\">\r\n\t\t<div class=\"aigpl-img-wrp\" style=\"\">\r\n\r\n\t\t\t\t\t\t\t\t<a class=\"aigpl-img-link\" data-mfp-src=\"https:\/\/www.sdr.sk\/wp-content\/uploads\/2022\/06\/IMG_20220528_143447_1-scaled.jpg\" href=\"javascript:void(0);\" target=\"_self\">\r\n\t\t\t\t\t\t<img class=\"aigpl-img\"  src=\"https:\/\/www.sdr.sk\/wp-content\/uploads\/2022\/06\/IMG_20220528_143447_1-scaled.jpg\" alt=\"\" \/>\r\n\t\t\t\t\t<\/a>\r\n\t\t\t\t\t\t<\/div>\r\n\r\n\t\t\t<\/div>\r\n<\/div>\r\n<div class=\"aigpl-slider-slide aigpl-cnt-wrp\" data-item-index=\"3\">\r\n\t<div class=\"aigpl-inr-wrp\">\r\n\t\t<div class=\"aigpl-img-wrp\" style=\"\">\r\n\r\n\t\t\t\t\t\t\t\t<a class=\"aigpl-img-link\" data-mfp-src=\"https:\/\/www.sdr.sk\/wp-content\/uploads\/2022\/06\/IMG_20220528_143600-scaled.jpg\" href=\"javascript:void(0);\" target=\"_self\">\r\n\t\t\t\t\t\t<img class=\"aigpl-img\"  src=\"https:\/\/www.sdr.sk\/wp-content\/uploads\/2022\/06\/IMG_20220528_143600-scaled.jpg\" alt=\"\" \/>\r\n\t\t\t\t\t<\/a>\r\n\t\t\t\t\t\t<\/div>\r\n\r\n\t\t\t<\/div>\r\n<\/div>\r\n<div class=\"aigpl-slider-slide aigpl-cnt-wrp\" data-item-index=\"4\">\r\n\t<div class=\"aigpl-inr-wrp\">\r\n\t\t<div class=\"aigpl-img-wrp\" style=\"\">\r\n\r\n\t\t\t\t\t\t\t\t<a class=\"aigpl-img-link\" data-mfp-src=\"https:\/\/www.sdr.sk\/wp-content\/uploads\/2022\/06\/IMG_20220528_143634_1-scaled.jpg\" href=\"javascript:void(0);\" target=\"_self\">\r\n\t\t\t\t\t\t<img class=\"aigpl-img\"  src=\"https:\/\/www.sdr.sk\/wp-content\/uploads\/2022\/06\/IMG_20220528_143634_1-scaled.jpg\" alt=\"\" \/>\r\n\t\t\t\t\t<\/a>\r\n\t\t\t\t\t\t<\/div>\r\n\r\n\t\t\t<\/div>\r\n<\/div>\r\n\t\t<\/div>\r\n\t\t<div class=\"aigpl-gallery-slider-conf aigpl-hide\">{&quot;slidestoshow&quot;:3,&quot;slidestoscroll&quot;:1,&quot;dots&quot;:&quot;true&quot;,&quot;arrows&quot;:&quot;true&quot;,&quot;autoplay&quot;:&quot;true&quot;,&quot;autoplay_interval&quot;:3000,&quot;speed&quot;:300,&quot;loop&quot;:&quot;true&quot;,&quot;lazyload&quot;:&quot;&quot;}<\/div>\r\n\t<\/div>\r\n\r\n\t<\/strong><\/p>\n","protected":false},"excerpt":{"rendered":"<p>Duchovn\u00e1 rodina Kongreg\u00e1cie sestier Bo\u017esk\u00e9ho Vykupite\u013ea v&nbsp;Spi\u0161sk\u00fdch Vlachoch bola zalo\u017een\u00e1 pred dvadsiatimi rokmi. Pri tejto pr\u00edle\u017eitosti sme v&nbsp;sobotu 28. m\u00e1ja<a class=\"read-more\" href=\"https:\/\/www.sdr.sk\/?post_type=aigpl_gallery&#038;p=1526\"\/>\u010c\u00edta\u0165 \u010falej<\/a><\/p>\n","protected":false},"author":2,"featured_media":1524,"comment_status":"open","ping_status":"open","sticky":false,"template":"","format":"standard","meta":[],"categories":[5],"tags":[],"_links":{"self":[{"href":"https:\/\/www.sdr.sk\/index.php\/wp-json\/wp\/v2\/posts\/1523"}],"collection":[{"href":"https:\/\/www.sdr.sk\/index.php\/wp-json\/wp\/v2\/posts"}],"about":[{"href":"https:\/\/www.sdr.sk\/index.php\/wp-json\/wp\/v2\/types\/post"}],"author":[{"embeddable":true,"href":"https:\/\/www.sdr.sk\/index.php\/wp-json\/wp\/v2\/users\/2"}],"replies":[{"embeddable":true,"href":"https:\/\/www.sdr.sk\/index.php\/wp-json\/wp\/v2\/comments?post=1523"}],"version-history":[{"count":3,"href":"https:\/\/www.sdr.sk\/index.php\/wp-json\/wp\/v2\/posts\/1523\/revisions"}],"predecessor-version":[{"id":2506,"href":"https:\/\/www.sdr.sk\/index.php\/wp-json\/wp\/v2\/posts\/1523\/revisions\/2506"}],"wp:featuredmedia":[{"embeddable":true,"href":"https:\/\/www.sdr.sk\/index.php\/wp-json\/wp\/v2\/media\/1524"}],"wp:attachment":[{"href":"https:\/\/www.sdr.sk\/index.php\/wp-json\/wp\/v2\/media?parent=1523"}],"wp:term":[{"taxonomy":"category","embeddable":true,"href":"https:\/\/www.sdr.sk\/index.php\/wp-json\/wp\/v2\/categories?post=1523"},{"taxonomy":"post_tag","embeddable":true,"href":"https:\/\/www.sdr.sk\/index.php\/wp-json\/wp\/v2\/tags?post=1523"}],"curies":[{"name":"wp","href":"https:\/\/api.w.org\/{rel}","templated":true}]}}