{"id":1276,"date":"2021-12-13T16:30:24","date_gmt":"2021-12-13T15:30:24","guid":{"rendered":"https:\/\/www.sdr.sk\/?p=1276"},"modified":"2021-12-13T16:30:24","modified_gmt":"2021-12-13T15:30:24","slug":"textilna-pomoc","status":"publish","type":"post","link":"https:\/\/www.sdr.sk\/index.php\/2021\/12\/13\/textilna-pomoc\/","title":{"rendered":"TEXTILN\u00c1 POMOC"},"content":{"rendered":"\n<p>V ne\u013eahkej dobe pozna\u010denej bojom s korona v\u00edrusom v\u00e1s chceme povzbudi\u0165 svedectvom o \u0161\u013eachetn\u00fdch \u010dinoch. V\u010faka Mgr. Sv\u00e4toslave Horskej, ktor\u00e1 je splnomocnen\u00fdm z\u00e1stupcom pre dobro\u010dinn\u00e9 z\u00e1le\u017eitosti za Dobro\u010dinn\u00fa spolo\u010dnos\u0165 Dr. Michala Horsk\u00e9ho a za Malt\u00e9zsky rytier Ke\u017emarok, v spolupr\u00e1ci s CWS boco Service Center sme dostali do daru funk\u010dn\u00e9 pracovn\u00e9 uniformy<strong>.<\/strong><\/p>\n\n\n\n<p>V\u010faka ich pomoci sme v\u00a0na\u0161ich reho\u013en\u00fdch domoch a\u00a0zariadeniach kongreg\u00e1cie darovan\u00e9 pracovn\u00e9 odevy mohli poskytn\u00fa\u0165 \u00fadr\u017eb\u00e1rom (p\u00e1nske pracovn\u00e9 s\u00fapravy, bundy, vesty), kuch\u00e1rkam a\u00a0pomocn\u00ed\u010dkam v\u00a0kuchyni (tri\u010dk\u00e1, z\u00e1stery, nohavice), opatrovate\u013ek\u00e1m seniorov a vychov\u00e1vate\u013ek\u00e1m det\u00ed (tri\u010dk\u00e1, d\u00e1mske nohavice, pl\u00e1\u0161te) a\u00a0tie\u017e de\u0165om v\u00a0centre (vhodn\u00e9 tri\u010dk\u00e1, nohavice, vesty, bundy). \u010cas\u0165 z\u00e1sielky posl\u00fa\u017ei aj in\u00fdm dobrovo\u013en\u00edkom, s\u00a0ktor\u00fdmi spolupracujeme.<\/p>\n\n\n\n<p>S\u00a0v\u010fakou za \u00fasilie Dobro\u010dinnej spolo\u010dnosti bud\u00fa na nich myslie\u0165 obdarovan\u00ed vo Vr\u00edcku, v\u00a0zariaden\u00ed pre seniorov v\u00a0Nesvadoch a\u00a0Raslaviciach a\u00a0v\u00a0zariadeniach neziskovej organiz\u00e1cie Al\u017ebetka v\u00a0Spi\u0161skej Novej Vsi.<\/p>\n\n\n\n<p><\/p>\n","protected":false},"excerpt":{"rendered":"<p>V ne\u013eahkej dobe pozna\u010denej bojom s korona v\u00edrusom v\u00e1s chceme povzbudi\u0165 svedectvom o \u0161\u013eachetn\u00fdch \u010dinoch. V\u010faka Mgr. Sv\u00e4toslave Horskej, ktor\u00e1<a class=\"read-more\" href=\"https:\/\/www.sdr.sk\/index.php\/2021\/12\/13\/textilna-pomoc\/\"\/>\u010c\u00edta\u0165 \u010falej<\/a><\/p>\n","protected":false},"author":2,"featured_media":1277,"comment_status":"open","ping_status":"open","sticky":false,"template":"","format":"standard","meta":[],"categories":[1],"tags":[],"_links":{"self":[{"href":"https:\/\/www.sdr.sk\/index.php\/wp-json\/wp\/v2\/posts\/1276"}],"collection":[{"href":"https:\/\/www.sdr.sk\/index.php\/wp-json\/wp\/v2\/posts"}],"about":[{"href":"https:\/\/www.sdr.sk\/index.php\/wp-json\/wp\/v2\/types\/post"}],"author":[{"embeddable":true,"href":"https:\/\/www.sdr.sk\/index.php\/wp-json\/wp\/v2\/users\/2"}],"replies":[{"embeddable":true,"href":"https:\/\/www.sdr.sk\/index.php\/wp-json\/wp\/v2\/comments?post=1276"}],"version-history":[{"count":1,"href":"https:\/\/www.sdr.sk\/index.php\/wp-json\/wp\/v2\/posts\/1276\/revisions"}],"predecessor-version":[{"id":1278,"href":"https:\/\/www.sdr.sk\/index.php\/wp-json\/wp\/v2\/posts\/1276\/revisions\/1278"}],"wp:featuredmedia":[{"embeddable":true,"href":"https:\/\/www.sdr.sk\/index.php\/wp-json\/wp\/v2\/media\/1277"}],"wp:attachment":[{"href":"https:\/\/www.sdr.sk\/index.php\/wp-json\/wp\/v2\/media?parent=1276"}],"wp:term":[{"taxonomy":"category","embeddable":true,"href":"https:\/\/www.sdr.sk\/index.php\/wp-json\/wp\/v2\/categories?post=1276"},{"taxonomy":"post_tag","embeddable":true,"href":"https:\/\/www.sdr.sk\/index.php\/wp-json\/wp\/v2\/tags?post=1276"}],"curies":[{"name":"wp","href":"https:\/\/api.w.org\/{rel}","templated":true}]}}