{"id":1246,"date":"2021-11-10T14:15:12","date_gmt":"2021-11-10T13:15:12","guid":{"rendered":"https:\/\/www.sdr.sk\/?p=1246"},"modified":"2021-11-10T14:31:28","modified_gmt":"2021-11-10T13:31:28","slug":"litanie-k-sv-jozefovi","status":"publish","type":"post","link":"https:\/\/www.sdr.sk\/index.php\/2021\/11\/10\/litanie-k-sv-jozefovi\/","title":{"rendered":"LIT\u00c1NIE K SV. JOZEFOVI"},"content":{"rendered":"\n<p>Mo\u017eno ste si u\u017e v&nbsp;kalend\u00e1ri v\u0161imli, \u017ee pred nami je posledn\u00fd mesiac mimoriadneho Roku sv. Jozefa, ktor\u00fd bol vyhl\u00e1sen\u00fd 8. decembra 2020. P\u00e1pe\u017e Franti\u0161ek ho vyhl\u00e1sil pri pr\u00edle\u017eitosti 150. v\u00fdro\u010dia vyhl\u00e1senia \u017een\u00edcha Panny M\u00e1rie za patr\u00f3na celej Cirkvi. Vydal k&nbsp;tomu apo\u0161tolsk\u00fd list Patris corde (S&nbsp;otcovsk\u00fdm srdcom), v&nbsp;ktorom sv\u00e4t\u00e9ho Jozefa opisuje charakteristikami \u201emilovan\u00fd otec\u201c, \u201ene\u017en\u00fd a&nbsp;l\u00e1skav\u00fd\u201c, \u201eposlu\u0161n\u00fd\u201c, \u201eprij\u00edmaj\u00faci\u201c, \u201etvorivo odv\u00e1\u017eny\u201c, \u201epracovit\u00fd\u201c a dr\u017eiaci sa v \u00fazad\u00ed &#8211; \u201ev tieni\u201c.<\/p>\n\n\n\n<p>V&nbsp;r\u00e1mci na\u0161ich tvoriv\u00fdch s\u00edl v\u00e1m pon\u00fakame lit\u00e1nie spracovan\u00e9 hravou formou v&nbsp;prezent\u00e1cii. M\u00e1 tri \u010dasti a&nbsp;pom\u00f4\u017ee v\u00e1m zopakova\u0165 si pr\u00edvlastky sv. Jozefa. Z\u00e1rove\u0148 sa m\u00f4\u017ee sta\u0165 modlitbou, pri ktorej ho budete vz\u00fdva\u0165 o&nbsp;pomoc. Nech je v\u00e1m na bl\u00edzku a&nbsp;nech oroduje za n\u00e1s v\u0161etk\u00fdch!<\/p>\n\n\n\n<div class=\"wp-block-file\"><a href=\"https:\/\/www.sdr.sk\/wp-content\/uploads\/2021\/11\/Sv.-Jozef.pptx\">Sv.-Jozef<\/a><a href=\"https:\/\/www.sdr.sk\/wp-content\/uploads\/2021\/11\/Sv.-Jozef.pptx\" class=\"wp-block-file__button\" download>Stiahnu\u0165<\/a><\/div>\n","protected":false},"excerpt":{"rendered":"<p>Mo\u017eno ste si u\u017e v&nbsp;kalend\u00e1ri v\u0161imli, \u017ee pred nami je posledn\u00fd mesiac mimoriadneho Roku sv. Jozefa, ktor\u00fd bol vyhl\u00e1sen\u00fd 8.<a class=\"read-more\" href=\"https:\/\/www.sdr.sk\/index.php\/2021\/11\/10\/litanie-k-sv-jozefovi\/\"\/>\u010c\u00edta\u0165 \u010falej<\/a><\/p>\n","protected":false},"author":2,"featured_media":792,"comment_status":"open","ping_status":"open","sticky":false,"template":"","format":"standard","meta":[],"categories":[1],"tags":[],"_links":{"self":[{"href":"https:\/\/www.sdr.sk\/index.php\/wp-json\/wp\/v2\/posts\/1246"}],"collection":[{"href":"https:\/\/www.sdr.sk\/index.php\/wp-json\/wp\/v2\/posts"}],"about":[{"href":"https:\/\/www.sdr.sk\/index.php\/wp-json\/wp\/v2\/types\/post"}],"author":[{"embeddable":true,"href":"https:\/\/www.sdr.sk\/index.php\/wp-json\/wp\/v2\/users\/2"}],"replies":[{"embeddable":true,"href":"https:\/\/www.sdr.sk\/index.php\/wp-json\/wp\/v2\/comments?post=1246"}],"version-history":[{"count":2,"href":"https:\/\/www.sdr.sk\/index.php\/wp-json\/wp\/v2\/posts\/1246\/revisions"}],"predecessor-version":[{"id":1249,"href":"https:\/\/www.sdr.sk\/index.php\/wp-json\/wp\/v2\/posts\/1246\/revisions\/1249"}],"wp:featuredmedia":[{"embeddable":true,"href":"https:\/\/www.sdr.sk\/index.php\/wp-json\/wp\/v2\/media\/792"}],"wp:attachment":[{"href":"https:\/\/www.sdr.sk\/index.php\/wp-json\/wp\/v2\/media?parent=1246"}],"wp:term":[{"taxonomy":"category","embeddable":true,"href":"https:\/\/www.sdr.sk\/index.php\/wp-json\/wp\/v2\/categories?post=1246"},{"taxonomy":"post_tag","embeddable":true,"href":"https:\/\/www.sdr.sk\/index.php\/wp-json\/wp\/v2\/tags?post=1246"}],"curies":[{"name":"wp","href":"https:\/\/api.w.org\/{rel}","templated":true}]}}