{"id":1225,"date":"2021-10-25T08:56:16","date_gmt":"2021-10-25T06:56:16","guid":{"rendered":"https:\/\/www.sdr.sk\/?p=1225"},"modified":"2021-10-25T08:58:09","modified_gmt":"2021-10-25T06:58:09","slug":"vizitacia-vyvrcholila-vikendom-s-vykupitelom","status":"publish","type":"post","link":"https:\/\/www.sdr.sk\/index.php\/2021\/10\/25\/vizitacia-vyvrcholila-vikendom-s-vykupitelom\/","title":{"rendered":"VIZIT\u00c1CIA VYVRCHOLILA V\u00cdKENDOM S VYKUPITE\u013dOM"},"content":{"rendered":"\n<p>V&nbsp;sobotu 23. okt\u00f3bra 2021 sa v\u0161etky na\u0161e sestry v&nbsp;komunit\u00e1ch i&nbsp;doma a&nbsp;na\u0161e laick\u00e9 \u010dlenky zjednotili v&nbsp;pre\u017e\u00edvan\u00ed sl\u00e1vnosti Najsv\u00e4tej\u0161ieho Vykupite\u013ea. Je to pr\u00edle\u017eitos\u0165 s&nbsp;d\u00f4verou prosi\u0165 o&nbsp;ve\u013ea darov, ktor\u00e9 Bo\u017esk\u00fd Vykupite\u013e vo svojej \u0161tedrosti pon\u00faka. Vyprosujeme preto aj v\u00e1m v\u0161etk\u00fdm vykupite\u013esk\u00e9 dary \u2013 slobodu, pokoj a&nbsp;\u010dist\u00fa rados\u0165, ktor\u00e9 n\u00e1m tento svet nem\u00f4\u017ee ani da\u0165 ani vzia\u0165. V\u010faka ti, Vykupite\u013e!<\/p>\n\n\n\n<p>Z\u00e1rove\u0148 sa v&nbsp;na\u0161ej Slovenskej provincii v&nbsp;tento de\u0148 ukon\u010dila gener\u00e1lna vizit\u00e1cia, ktor\u00e1 trvala od&nbsp;18.&nbsp;septembra 2021. Na\u0161a gener\u00e1lna predstaven\u00e1 sr. Johanna Vogl nav\u0161t\u00edvila v\u0161etk\u00fdch 15 komun\u00edt na&nbsp;Slovensku a&nbsp;povzbudila n\u00e1s, aby sme pod\u013ea slov Sv\u00e4t\u00e9ho Otca pestovali \u201e<strong><em>dial\u00f3g s&nbsp;realitou<\/em><\/strong>\u201c. Mottom vizit\u00e1cie bol ver\u0161 z&nbsp;J\u00e1novho evanjelia <\/p>\n\n\n\n<blockquote class=\"wp-block-quote\"><p>Nie vy ste si vyvolili m\u0148a, ale ja som si vyvolil v\u00e1s a&nbsp;ustanovil som v\u00e1s, aby ste i\u0161li a&nbsp;prin\u00e1\u0161ali ovocie a&nbsp;aby va\u0161e ovocie zostalo. (Jn 15, 16)<\/p><\/blockquote>\n\n\n\n<p>\u00daprimne si prajeme, aby t\u00e1to vizit\u00e1cia priniesla dobr\u00e9 ovocie a\u00a0aby na\u0161e ovocie zostalo. Gener\u00e1lne vedenie s v\u010fakou vklad\u00e1me do na\u0161ich modlitieb.<\/p>\n","protected":false},"excerpt":{"rendered":"<p>V&nbsp;sobotu 23. okt\u00f3bra 2021 sa v\u0161etky na\u0161e sestry v&nbsp;komunit\u00e1ch i&nbsp;doma a&nbsp;na\u0161e laick\u00e9 \u010dlenky zjednotili v&nbsp;pre\u017e\u00edvan\u00ed sl\u00e1vnosti Najsv\u00e4tej\u0161ieho Vykupite\u013ea. Je to<a class=\"read-more\" href=\"https:\/\/www.sdr.sk\/index.php\/2021\/10\/25\/vizitacia-vyvrcholila-vikendom-s-vykupitelom\/\"\/>\u010c\u00edta\u0165 \u010falej<\/a><\/p>\n","protected":false},"author":2,"featured_media":1228,"comment_status":"open","ping_status":"open","sticky":false,"template":"","format":"standard","meta":[],"categories":[1],"tags":[],"_links":{"self":[{"href":"https:\/\/www.sdr.sk\/index.php\/wp-json\/wp\/v2\/posts\/1225"}],"collection":[{"href":"https:\/\/www.sdr.sk\/index.php\/wp-json\/wp\/v2\/posts"}],"about":[{"href":"https:\/\/www.sdr.sk\/index.php\/wp-json\/wp\/v2\/types\/post"}],"author":[{"embeddable":true,"href":"https:\/\/www.sdr.sk\/index.php\/wp-json\/wp\/v2\/users\/2"}],"replies":[{"embeddable":true,"href":"https:\/\/www.sdr.sk\/index.php\/wp-json\/wp\/v2\/comments?post=1225"}],"version-history":[{"count":2,"href":"https:\/\/www.sdr.sk\/index.php\/wp-json\/wp\/v2\/posts\/1225\/revisions"}],"predecessor-version":[{"id":1230,"href":"https:\/\/www.sdr.sk\/index.php\/wp-json\/wp\/v2\/posts\/1225\/revisions\/1230"}],"wp:featuredmedia":[{"embeddable":true,"href":"https:\/\/www.sdr.sk\/index.php\/wp-json\/wp\/v2\/media\/1228"}],"wp:attachment":[{"href":"https:\/\/www.sdr.sk\/index.php\/wp-json\/wp\/v2\/media?parent=1225"}],"wp:term":[{"taxonomy":"category","embeddable":true,"href":"https:\/\/www.sdr.sk\/index.php\/wp-json\/wp\/v2\/categories?post=1225"},{"taxonomy":"post_tag","embeddable":true,"href":"https:\/\/www.sdr.sk\/index.php\/wp-json\/wp\/v2\/tags?post=1225"}],"curies":[{"name":"wp","href":"https:\/\/api.w.org\/{rel}","templated":true}]}}