{"id":1122,"date":"2021-08-27T20:44:46","date_gmt":"2021-08-27T18:44:46","guid":{"rendered":"https:\/\/www.sdr.sk\/?p=1122"},"modified":"2021-08-27T20:51:58","modified_gmt":"2021-08-27T18:51:58","slug":"stretni-papeza","status":"publish","type":"post","link":"https:\/\/www.sdr.sk\/index.php\/2021\/08\/27\/stretni-papeza\/","title":{"rendered":"STRETNI P\u00c1PE\u017dA"},"content":{"rendered":"\n<p>P\u00e1pe\u017e Franti\u0161ek nav\u0161t\u00edvi Ko\u0161ice v&nbsp;utorok 14. septembra 2021. Poz\u00fdvame v\u00e1s na vz\u00e1cne stretnutie s&nbsp;n\u00edm. Prich\u00e1dza v&nbsp;ne\u013eahkom obdob\u00ed pand\u00e9mie, kedy pre\u017e\u00edvame r\u00f4zne obmedzenia a&nbsp;rozdelenia. Prich\u00e1dza ako&nbsp;n\u00e1mestn\u00edk Krista na zemi, aby priniesol pokoj a&nbsp;Apo\u0161tolsk\u00e9 po\u017eehnanie pre v\u0161etk\u00fdch n\u00e1s. Bu\u010fte toho s\u00fa\u010das\u0165ou a&nbsp;nev\u00e1hajte za n\u00edm pricestova\u0165 do Ko\u0161\u00edc. Povzbu\u010fte aj svojich priate\u013eov.<\/p>\n\n\n\n<p>So z\u00e1ujmom pr\u00eds\u0165 a&nbsp;stretn\u00fa\u0165 Sv\u00e4t\u00e9ho Otca Franti\u0161ka v&nbsp;Ko\u0161iciach sa oz\u00fdvaj\u00fa aj \u013eudia zo zahrani\u010dia. Neosta\u0148me \u013eahostajn\u00ed vo\u010di tomuto pozvaniu a&nbsp;pod\u013ea svojich mo\u017enost\u00ed sa prichystajme a&nbsp;priv\u00edtajme ho.<\/p>\n\n\n\n<p>Sv\u00e4t\u00fd Otec Franti\u0161ek pr\u00edde na \u0161tadi\u00f3n Lokomot\u00edvy, kde bola pred tromi rokmi blahore\u010den\u00e1 Anka Koles\u00e1rov\u00e1. Poz\u00fdvame v\u00e1s\u00a0 pripomen\u00fa\u0165 si aj t\u00fato udalos\u0165 a\u00a0za\u017ei\u0165 nanovo atmosf\u00e9ru milosti a\u00a0kr\u00e1sy. Pripraven\u00fd je bohat\u00fd sprievodn\u00fd program, ktor\u00fd s\u00a0\u010fal\u0161\u00edmi materi\u00e1lmi n\u00e1jdete <a href=\"https:\/\/www.ke-arcidieceza.sk\/sk\/aktuality\/program-stretnutia-mladych-na-stadione-lokomotiva-kosice\" target=\"_blank\" rel=\"noreferrer noopener\">tu<\/a>. \u00a0<\/p>\n\n\n\n<p>Mons. Bernard Bober, arcibiskup-metropolita<\/p>\n","protected":false},"excerpt":{"rendered":"<p>P\u00e1pe\u017e Franti\u0161ek nav\u0161t\u00edvi Ko\u0161ice v&nbsp;utorok 14. septembra 2021. Poz\u00fdvame v\u00e1s na vz\u00e1cne stretnutie s&nbsp;n\u00edm. Prich\u00e1dza v&nbsp;ne\u013eahkom obdob\u00ed pand\u00e9mie, kedy pre\u017e\u00edvame<a class=\"read-more\" href=\"https:\/\/www.sdr.sk\/index.php\/2021\/08\/27\/stretni-papeza\/\"\/>\u010c\u00edta\u0165 \u010falej<\/a><\/p>\n","protected":false},"author":2,"featured_media":1123,"comment_status":"open","ping_status":"open","sticky":false,"template":"","format":"standard","meta":[],"categories":[1],"tags":[],"_links":{"self":[{"href":"https:\/\/www.sdr.sk\/index.php\/wp-json\/wp\/v2\/posts\/1122"}],"collection":[{"href":"https:\/\/www.sdr.sk\/index.php\/wp-json\/wp\/v2\/posts"}],"about":[{"href":"https:\/\/www.sdr.sk\/index.php\/wp-json\/wp\/v2\/types\/post"}],"author":[{"embeddable":true,"href":"https:\/\/www.sdr.sk\/index.php\/wp-json\/wp\/v2\/users\/2"}],"replies":[{"embeddable":true,"href":"https:\/\/www.sdr.sk\/index.php\/wp-json\/wp\/v2\/comments?post=1122"}],"version-history":[{"count":2,"href":"https:\/\/www.sdr.sk\/index.php\/wp-json\/wp\/v2\/posts\/1122\/revisions"}],"predecessor-version":[{"id":1127,"href":"https:\/\/www.sdr.sk\/index.php\/wp-json\/wp\/v2\/posts\/1122\/revisions\/1127"}],"wp:featuredmedia":[{"embeddable":true,"href":"https:\/\/www.sdr.sk\/index.php\/wp-json\/wp\/v2\/media\/1123"}],"wp:attachment":[{"href":"https:\/\/www.sdr.sk\/index.php\/wp-json\/wp\/v2\/media?parent=1122"}],"wp:term":[{"taxonomy":"category","embeddable":true,"href":"https:\/\/www.sdr.sk\/index.php\/wp-json\/wp\/v2\/categories?post=1122"},{"taxonomy":"post_tag","embeddable":true,"href":"https:\/\/www.sdr.sk\/index.php\/wp-json\/wp\/v2\/tags?post=1122"}],"curies":[{"name":"wp","href":"https:\/\/api.w.org\/{rel}","templated":true}]}}