{"id":1014,"date":"2021-07-06T11:35:14","date_gmt":"2021-07-06T09:35:14","guid":{"rendered":"https:\/\/www.sdr.sk\/?p=1014"},"modified":"2021-07-06T11:35:16","modified_gmt":"2021-07-06T09:35:16","slug":"synoda-2023","status":"publish","type":"post","link":"https:\/\/www.sdr.sk\/index.php\/2021\/07\/06\/synoda-2023\/","title":{"rendered":"SYNODA 2023"},"content":{"rendered":"\n<p>P\u00e1pe\u017e Franti\u0161ek pozval Cirkev k sl\u00e1veniu Synody biskupov na t\u00e9mu <strong><em>&#8222;Za synod\u00e1lnu Cirkev: spolo\u010denstvo, particip\u00e1cia a misia&#8220;<\/em><\/strong>. Z tejto cesty Cirkvi sa nikto nem\u00e1 c\u00edti\u0165 vyl\u00fa\u010den\u00fd a ka\u017ed\u00fd je pozvan\u00fd prispie\u0165 svojou \u00fa\u010das\u0165ou.  Ve\u010f aj v dokumente Evangelii Gaudie (EG 120) sa hovor\u00ed: &#8222;<\/p>\n\n\n\n<blockquote class=\"wp-block-quote\"><p>Ka\u017ed\u00fd pokrsten\u00fd, nech u\u017e m\u00e1 ak\u00fako\u013evek \u00falohu v Cirkvi a stoj\u00ed na ktoromko\u013evek stupni<br>poznania svojej viery, je akt\u00edvnym protagonistom evanjeliz\u00e1cie; bolo by nespr\u00e1vne<br>predstavova\u0165 si evanjeliz\u00e1ciu ako aktivitu, ktor\u00e1 prin\u00e1le\u017e\u00ed len nieko\u013ek\u00fdm kvalifikovan\u00fdm<br>veriacim, zatia\u013e \u010do zvy\u0161ok veriaceho \u013eudu by mal by\u0165 iba prij\u00edmate\u013eom ich \u010dinnosti.<\/p><\/blockquote>\n\n\n\n<p>Prv\u00e1 f\u00e1za bude prebieha\u0165 od okt\u00f3bra 2021 do apr\u00edla 2022 a bude venovan\u00e1 konzult\u00e1cii a na\u010d\u00favaniu miestnym cirkv\u00e1m a in\u00fdm cirkevn\u00fdm realit\u00e1m. \u010eal\u0161ie kroky s\u00fa nazna\u010den\u00e9 v infografike synod\u00e1lneho itiner\u00e1ra:  <\/p>\n\n\n\n<div class=\"wp-block-file\"><a href=\"https:\/\/www.sdr.sk\/wp-content\/uploads\/2021\/07\/synoda3.pdf\">Ikonografika<\/a><a href=\"https:\/\/www.sdr.sk\/wp-content\/uploads\/2021\/07\/synoda3.pdf\" class=\"wp-block-file__button\" download>Stiahnu\u0165<\/a><\/div>\n\n\n\n<p>Ver\u00edme, \u017ee tieto udalosti posilnia na\u0161e spolo\u010denstvo a umo\u017en\u00ed vznik nov\u00fdch ciest poslania a particip\u00e1cie, preto u\u017e teraz vklad\u00e1me t\u00fato udalos\u0165 Cirkvi do modlitby:<\/p>\n\n\n\n<p><em>Milovan\u00fd Ot\u010de, nech n\u00e1s v\u0161etk\u00fdch, ktor\u00ed sme s\u00fa\u010das\u0165ou Cirkvi, prenik\u00e1 Sv\u00e4t\u00fd Duch, nech n\u00e1m uk\u00e1\u017ee cesty, po ktor\u00fdch m\u00e1me kr\u00e1\u010da\u0165, nech n\u00e1m d\u00e1 pozna\u0165 Bo\u017eiu v\u00f4\u013eu  a silu naplni\u0165 ju s kres\u0165anskou stato\u010dnos\u0165ou<\/em>. <em>Skrze Krista, n\u00e1\u0161ho P\u00e1na. Amen.<\/em><\/p>\n","protected":false},"excerpt":{"rendered":"<p>P\u00e1pe\u017e Franti\u0161ek pozval Cirkev k sl\u00e1veniu Synody biskupov na t\u00e9mu &#8222;Za synod\u00e1lnu Cirkev: spolo\u010denstvo, particip\u00e1cia a misia&#8220;. Z tejto cesty<a class=\"read-more\" href=\"https:\/\/www.sdr.sk\/index.php\/2021\/07\/06\/synoda-2023\/\"\/>\u010c\u00edta\u0165 \u010falej<\/a><\/p>\n","protected":false},"author":2,"featured_media":1016,"comment_status":"open","ping_status":"open","sticky":false,"template":"","format":"standard","meta":[],"categories":[1],"tags":[],"_links":{"self":[{"href":"https:\/\/www.sdr.sk\/index.php\/wp-json\/wp\/v2\/posts\/1014"}],"collection":[{"href":"https:\/\/www.sdr.sk\/index.php\/wp-json\/wp\/v2\/posts"}],"about":[{"href":"https:\/\/www.sdr.sk\/index.php\/wp-json\/wp\/v2\/types\/post"}],"author":[{"embeddable":true,"href":"https:\/\/www.sdr.sk\/index.php\/wp-json\/wp\/v2\/users\/2"}],"replies":[{"embeddable":true,"href":"https:\/\/www.sdr.sk\/index.php\/wp-json\/wp\/v2\/comments?post=1014"}],"version-history":[{"count":1,"href":"https:\/\/www.sdr.sk\/index.php\/wp-json\/wp\/v2\/posts\/1014\/revisions"}],"predecessor-version":[{"id":1017,"href":"https:\/\/www.sdr.sk\/index.php\/wp-json\/wp\/v2\/posts\/1014\/revisions\/1017"}],"wp:featuredmedia":[{"embeddable":true,"href":"https:\/\/www.sdr.sk\/index.php\/wp-json\/wp\/v2\/media\/1016"}],"wp:attachment":[{"href":"https:\/\/www.sdr.sk\/index.php\/wp-json\/wp\/v2\/media?parent=1014"}],"wp:term":[{"taxonomy":"category","embeddable":true,"href":"https:\/\/www.sdr.sk\/index.php\/wp-json\/wp\/v2\/categories?post=1014"},{"taxonomy":"post_tag","embeddable":true,"href":"https:\/\/www.sdr.sk\/index.php\/wp-json\/wp\/v2\/tags?post=1014"}],"curies":[{"name":"wp","href":"https:\/\/api.w.org\/{rel}","templated":true}]}}